{"id":987510547,"date":"2024-08-08T13:09:00","date_gmt":"2024-08-08T17:09:00","guid":{"rendered":"https:\/\/www.inuitcircumpolar.com\/?p=987510547"},"modified":"2026-02-09T15:06:01","modified_gmt":"2026-02-09T20:06:01","slug":"book-launch-empowering-arctic-indigenous-peoples-celebrating-50-years-of-indigenous-diplomacy","status":"publish","type":"post","link":"https:\/\/www.inuitcircumpolar.com\/staging\/news\/book-launch-empowering-arctic-indigenous-peoples-celebrating-50-years-of-indigenous-diplomacy\/","title":{"rendered":"Book Launch:\u00a0Empowering Arctic Indigenous Peoples \u2013 Celebrating 50 Years of Indigenous Diplomacy"},"content":{"rendered":"\n<p><strong>August 8, 2024\u2014<\/strong>&nbsp;In a new book, ICC, Saami Council and IWGIA celebrate fifty years of Arctic Indigenous Peoples\u2019 diplomacy and tell the political history of Arctic Indigenous Peoples, seen from their perspectives. The book contributes important insights&nbsp;into&nbsp;the achievements and influence of Arctic Indigenous Peoples. Since the first Arctic Peoples\u2019 Conference was held in 1973, Arctic Indigenous Peoples have been transformative&nbsp;in&nbsp;Arctic governance, and they continue to play a decisive role&nbsp;in&nbsp;maintaining, safeguarding, and strengthening Arctic cooperation. The book will be launched at an online event on August 9<sup>th<\/sup>, 2024, the International Day of the World\u2019s Indigenous Peoples.<\/p>\n\n\n\n<p>\u201cIt is of great importance that Indigenous Peoples\u2019 tell their own political history. With this book, our aim is to ensure insights&nbsp;into&nbsp;the contributions and influence of Arctic Indigenous Peoples. Much too rarely we celebrate the many groundbreaking achievements Arctic Indigenous Peoples\u2019 leaders have spearheaded through the past many decades. With this book we want to contribute to a more nuanced understanding of Arctic diplomacy and governance\u201d, says ICC Chair Sara Olsvig.<\/p>\n\n\n\n<p>\u201cThis book is a testament to the enduring spirit of unity and resilience among Arctic Indigenous Peoples. Our journey over the past fifty years has been marked by significant milestones achieved through collaboration and mutual support. As we look to the future, this shared history of cooperation strengthens our resolve to continue safeguarding our heritage and advocating for our rights. Together, we have transformed Arctic governance, and together, we will continue to shape our destiny,\u201d says \u00c1slat Holmberg, President of the Saami Council.<\/p>\n\n\n\n<p>\u201dThe&nbsp;Arctic region is an example for the success of continued insistence by Indigenous Peoples on exercising their right to self-determination and on implementing the UN Declaration on the Rights of Indigenous Peoples. This book provides insight into the history and current realities of Indigenous diplomacy and self-governance and is an inspiring documentation of the joint efforts and collaboration of Indigenous Peoples and their leaders in the Arctic\u201d, says, Kathrin Wessendorf, IWGIA Executive Director.&nbsp;&nbsp;<\/p>\n\n\n\n<p><strong>Looking towards<\/strong><\/p>\n\n\n\n<p>In July 2023,&nbsp;ICC and Saami Council hosted the 2023 Arctic Peoples\u2019 Conference in&nbsp;Ilulissat, Kalaallit Nunaat (Greenland). Here,&nbsp;Indigenous Peoples from across the Arctic celebrated 50 years of cooperation&nbsp;and&nbsp;explored what had been achieved since the first Arctic Peoples\u2019 Conference held in Copenhagen in 1973. They also&nbsp;asked if the dreams set out by Arctic Indigenous Peoples 50 years ago had been fulfilled. The book \u201cEmpowering Arctic Indigenous Peoples \u2013 Celebrating 50 Years of Indigenous Diplomacy\u201d&nbsp;contains statements, testimonies,&nbsp;and memories reflecting on these last 50 years of Arctic Indigenous Peoples\u2019 diplomacy and looking towards the continued cooperation of Arctic Indigenous Peoples.<\/p>\n\n\n\n<p>The book is published, with support from&nbsp;Pawanka&nbsp;Fund, by Inuit Circumpolar Council, Saami Council,&nbsp;and IWGIA and edited by Jens Dahl, \u00c1slat Holmberg, Sara Olsvig and Kathrin Wessendorf.&nbsp;<\/p>\n\n\n\n<p>The book will be launched online at 20:00 CEST August 9<sup>th<\/sup>, 2024, the International Day of the World\u00b4s Indigenous Peoples. At the online event,&nbsp;contributors to the book will present their articles and thoughts. The book launch is open to all, and the link can be found on ICC Greenland\u00b4s&nbsp;Facebook&nbsp;page.&nbsp;<\/p>\n\n\n\n<p>Contributors to the book are Dr. &nbsp;Dalee Sambo Dorough, Gunn-Britt Retter, Nika&nbsp;Silverfox-Young, Keryn Andersen. Michael Bro, Mary&nbsp;Angamarlik, Ellen-Sara&nbsp;Sparrok, Miriam Cullen, Ole Henrik Magga, \u00c1let-Ristina M\u00e1ret, M\u00e1ret&nbsp;S\u00e1r\u00e1, Sam Alexander, Aqqaluk Lynge, Bridget Laroque, Alona&nbsp;Yefimenko&nbsp;and Per Mikael Utsi.<\/p>\n\n\n\n<figure class=\"wp-block-image aligncenter size-full\"><img loading=\"lazy\" decoding=\"async\" width=\"1024\" height=\"768\" src=\"https:\/\/www.inuitcircumpolar.com\/staging\/wp-content\/uploads\/book-launch.jpg\" alt=\"Book Launch:\u00a0Empowering Arctic Indigenous Peoples \u2013 Celebrating 50 Years of Indigenous Diplomacy\" class=\"wp-image-987510560\" srcset=\"https:\/\/www.inuitcircumpolar.com\/staging\/wp-content\/uploads\/book-launch.jpg 1024w, https:\/\/www.inuitcircumpolar.com\/staging\/wp-content\/uploads\/book-launch-980x735.jpg 980w, https:\/\/www.inuitcircumpolar.com\/staging\/wp-content\/uploads\/book-launch-480x360.jpg 480w\" sizes=\"(min-width: 0px) and (max-width: 480px) 480px, (min-width: 481px) and (max-width: 980px) 980px, (min-width: 981px) 1024px, 100vw\" \/><\/figure>\n\n\n\n<p>-30-<\/p>\n\n\n\n<div class=\"wp-block-group is-layout-constrained wp-block-group-is-layout-constrained\">\n<p class=\"has-text-align-center\"><strong>CONTACT:<\/strong><\/p>\n\n\n\n<div class=\"wp-block-columns is-layout-flex wp-container-core-columns-is-layout-9d6595d7 wp-block-columns-is-layout-flex\">\n<div class=\"wp-block-column is-layout-flow wp-block-column-is-layout-flow\">\n<p>Sofia Geisler<br>ICC (Greenland)<br>299 34 22 25<br>sofia@inuit.org<\/p>\n<\/div>\n\n\n\n<div class=\"wp-block-column is-layout-flow wp-block-column-is-layout-flow\">\n<p>Kelly Eningowuk<br>ICC (Alaska)<br>(907) 274-9058<br>kelly@iccalaska.org<\/p>\n<\/div>\n\n\n\n<div class=\"wp-block-column is-layout-flow wp-block-column-is-layout-flow\">\n<p>Cassandra Elliott<br>ICC (Canada)<br>613-407-2642<br>celliott@inuitcircumpolar.com<\/p>\n<\/div>\n<\/div>\n<\/div>\n","protected":false},"excerpt":{"rendered":"<p>The book will be launched at an online event on August 9th, 2024, the International Day of the World\u2019s Indigenous Peoples.<\/p>\n","protected":false},"author":1,"featured_media":987510560,"comment_status":"closed","ping_status":"closed","sticky":false,"template":"","format":"standard","meta":{"_monsterinsights_skip_tracking":false,"_monsterinsights_sitenote_active":false,"_monsterinsights_sitenote_note":"","_monsterinsights_sitenote_category":0,"footnotes":""},"categories":[168,2,10],"tags":[],"class_list":["post-987510547","post","type-post","status-publish","format-standard","has-post-thumbnail","hentry","category-168","category-news","category-press-releases"],"aioseo_notices":[],"_links":{"self":[{"href":"https:\/\/www.inuitcircumpolar.com\/staging\/wp-json\/wp\/v2\/posts\/987510547","targetHints":{"allow":["GET"]}}],"collection":[{"href":"https:\/\/www.inuitcircumpolar.com\/staging\/wp-json\/wp\/v2\/posts"}],"about":[{"href":"https:\/\/www.inuitcircumpolar.com\/staging\/wp-json\/wp\/v2\/types\/post"}],"author":[{"embeddable":true,"href":"https:\/\/www.inuitcircumpolar.com\/staging\/wp-json\/wp\/v2\/users\/1"}],"replies":[{"embeddable":true,"href":"https:\/\/www.inuitcircumpolar.com\/staging\/wp-json\/wp\/v2\/comments?post=987510547"}],"version-history":[{"count":1,"href":"https:\/\/www.inuitcircumpolar.com\/staging\/wp-json\/wp\/v2\/posts\/987510547\/revisions"}],"predecessor-version":[{"id":987515804,"href":"https:\/\/www.inuitcircumpolar.com\/staging\/wp-json\/wp\/v2\/posts\/987510547\/revisions\/987515804"}],"wp:featuredmedia":[{"embeddable":true,"href":"https:\/\/www.inuitcircumpolar.com\/staging\/wp-json\/wp\/v2\/media\/987510560"}],"wp:attachment":[{"href":"https:\/\/www.inuitcircumpolar.com\/staging\/wp-json\/wp\/v2\/media?parent=987510547"}],"wp:term":[{"taxonomy":"category","embeddable":true,"href":"https:\/\/www.inuitcircumpolar.com\/staging\/wp-json\/wp\/v2\/categories?post=987510547"},{"taxonomy":"post_tag","embeddable":true,"href":"https:\/\/www.inuitcircumpolar.com\/staging\/wp-json\/wp\/v2\/tags?post=987510547"}],"curies":[{"name":"wp","href":"https:\/\/api.w.org\/{rel}","templated":true}]}}